{"id":3939,"date":"2025-10-17T17:26:10","date_gmt":"2025-10-17T17:26:10","guid":{"rendered":"https:\/\/www.v-art.fr\/?p=3939"},"modified":"2025-10-24T08:58:57","modified_gmt":"2025-10-24T08:58:57","slug":"residence-artistique-a-labbaye-de-la-pree","status":"publish","type":"post","link":"https:\/\/www.v-art.fr\/?p=3939","title":{"rendered":"\u2740 R\u00e9sidence artistique \u00e0 l&rsquo;Abbaye de La Pr\u00e9e"},"content":{"rendered":"\n<figure class=\"wp-block-image size-full is-style-default\"><img loading=\"lazy\" decoding=\"async\" width=\"1024\" height=\"850\" src=\"https:\/\/www.v-art.fr\/wp-content\/uploads\/2025\/10\/Flyer_Residence_LaPree.jpg\" alt=\"\" class=\"wp-image-3940\" srcset=\"https:\/\/www.v-art.fr\/wp-content\/uploads\/2025\/10\/Flyer_Residence_LaPree.jpg 1024w, https:\/\/www.v-art.fr\/wp-content\/uploads\/2025\/10\/Flyer_Residence_LaPree-800x664.jpg 800w, https:\/\/www.v-art.fr\/wp-content\/uploads\/2025\/10\/Flyer_Residence_LaPree-300x249.jpg 300w, https:\/\/www.v-art.fr\/wp-content\/uploads\/2025\/10\/Flyer_Residence_LaPree-768x638.jpg 768w\" sizes=\"auto, (max-width: 1024px) 100vw, 1024px\" \/><\/figure>\n\n\n\n<p class=\"has-background\" style=\"background-color:#f1cbd4\">Cette ann\u00e9e, j&rsquo;ai la chance et l&rsquo;honneur de faire partie des candidat.e.s s\u00e9lectionn\u00e9.e.s pour avancer mes nouvelles productions dans 3 cat\u00e9gories pr\u00e9cises: un r\u00e9cit graphique, du dessin d&rsquo;humour et de soci\u00e9t\u00e9 et la suite des \u00e9pisodes de Bagasse &amp; Patavate, les nouveaux h\u00e9ros de la joie de vivre! <\/p>\n\n\n\n<p class=\"has-background\" style=\"background-color:#f1cbd4\">J&rsquo;esp\u00e8re bien r\u00e9ussir mes objectifs !!<\/p>\n\n\n\n<p class=\"has-background\" style=\"background-color:#f1cbd4\">Je partage ma r\u00e9sidence avec plusieurs artistes en r\u00e9sidence longue ET en r\u00e9sidence courte! De belles rencontres en perspective !!!<\/p>\n","protected":false},"excerpt":{"rendered":"<p>Cette ann\u00e9e, j&rsquo;ai la chance et l&rsquo;honneur de faire partie des candidat.e.s s\u00e9lectionn\u00e9.e.s pour avancer mes nouvelles productions dans 3 cat\u00e9gories pr\u00e9cises: un r\u00e9cit graphique, du dessin d&rsquo;humour et de soci\u00e9t\u00e9 et la suite des \u00e9pisodes de Bagasse &amp; Patavate, les nouveaux h\u00e9ros de la joie de vivre! J&rsquo;esp\u00e8re bien r\u00e9ussir mes objectifs !! Je [&hellip;]<\/p>\n","protected":false},"author":1,"featured_media":3968,"comment_status":"open","ping_status":"open","sticky":false,"template":"","format":"standard","meta":{"_uf_show_specific_survey":0,"_uf_disable_surveys":false,"jetpack_post_was_ever_published":false,"_jetpack_newsletter_access":"","_jetpack_dont_email_post_to_subs":false,"_jetpack_newsletter_tier_id":0,"_jetpack_memberships_contains_paywalled_content":false,"_jetpack_memberships_contains_paid_content":false,"footnotes":""},"categories":[85,48,27],"tags":[],"class_list":["post-3939","post","type-post","status-publish","format-standard","has-post-thumbnail","hentry","category--accueil","category-extra","category-tarmac"],"jetpack_featured_media_url":"https:\/\/www.v-art.fr\/wp-content\/uploads\/2025\/10\/Flyer_Residence_LaPree_web.jpg","jetpack_sharing_enabled":true,"_links":{"self":[{"href":"https:\/\/www.v-art.fr\/index.php?rest_route=\/wp\/v2\/posts\/3939","targetHints":{"allow":["GET"]}}],"collection":[{"href":"https:\/\/www.v-art.fr\/index.php?rest_route=\/wp\/v2\/posts"}],"about":[{"href":"https:\/\/www.v-art.fr\/index.php?rest_route=\/wp\/v2\/types\/post"}],"author":[{"embeddable":true,"href":"https:\/\/www.v-art.fr\/index.php?rest_route=\/wp\/v2\/users\/1"}],"replies":[{"embeddable":true,"href":"https:\/\/www.v-art.fr\/index.php?rest_route=%2Fwp%2Fv2%2Fcomments&post=3939"}],"version-history":[{"count":3,"href":"https:\/\/www.v-art.fr\/index.php?rest_route=\/wp\/v2\/posts\/3939\/revisions"}],"predecessor-version":[{"id":3943,"href":"https:\/\/www.v-art.fr\/index.php?rest_route=\/wp\/v2\/posts\/3939\/revisions\/3943"}],"wp:featuredmedia":[{"embeddable":true,"href":"https:\/\/www.v-art.fr\/index.php?rest_route=\/wp\/v2\/media\/3968"}],"wp:attachment":[{"href":"https:\/\/www.v-art.fr\/index.php?rest_route=%2Fwp%2Fv2%2Fmedia&parent=3939"}],"wp:term":[{"taxonomy":"category","embeddable":true,"href":"https:\/\/www.v-art.fr\/index.php?rest_route=%2Fwp%2Fv2%2Fcategories&post=3939"},{"taxonomy":"post_tag","embeddable":true,"href":"https:\/\/www.v-art.fr\/index.php?rest_route=%2Fwp%2Fv2%2Ftags&post=3939"}],"curies":[{"name":"wp","href":"https:\/\/api.w.org\/{rel}","templated":true}]}}