{"id":3826,"date":"2025-07-23T12:29:42","date_gmt":"2025-07-23T12:29:42","guid":{"rendered":"https:\/\/www.v-art.fr\/?p=3826"},"modified":"2025-07-23T12:32:11","modified_gmt":"2025-07-23T12:32:11","slug":"merci-benjamin-astier-du-dauphine-libere","status":"publish","type":"post","link":"https:\/\/www.v-art.fr\/?p=3826","title":{"rendered":"\u2740 Merci Benjamin Astier du Dauphin\u00e9 Lib\u00e9r\u00e9 !"},"content":{"rendered":"<div class=\"wp-block-image\">\n<figure class=\"aligncenter size-full\"><img loading=\"lazy\" decoding=\"async\" width=\"425\" height=\"658\" src=\"https:\/\/www.v-art.fr\/wp-content\/uploads\/2025\/07\/Dauphinelibere_juillet_BenjaminAstier.jpeg\" alt=\"\" class=\"wp-image-3827\" srcset=\"https:\/\/www.v-art.fr\/wp-content\/uploads\/2025\/07\/Dauphinelibere_juillet_BenjaminAstier.jpeg 425w, https:\/\/www.v-art.fr\/wp-content\/uploads\/2025\/07\/Dauphinelibere_juillet_BenjaminAstier-416x644.jpeg 416w, https:\/\/www.v-art.fr\/wp-content\/uploads\/2025\/07\/Dauphinelibere_juillet_BenjaminAstier-194x300.jpeg 194w\" sizes=\"auto, (max-width: 425px) 100vw, 425px\" \/><figcaption class=\"wp-element-caption\">Suite de la revue de presse dans la Rubrique \u00ab\u00a0Pipolage\u00a0\u00bb<\/figcaption><\/figure>\n<\/div>\n\n\n<p><\/p>\n","protected":false},"excerpt":{"rendered":"","protected":false},"author":1,"featured_media":3827,"comment_status":"open","ping_status":"open","sticky":true,"template":"","format":"standard","meta":{"_uf_show_specific_survey":0,"_uf_disable_surveys":false,"jetpack_post_was_ever_published":false,"_jetpack_newsletter_access":"","_jetpack_dont_email_post_to_subs":false,"_jetpack_newsletter_tier_id":0,"_jetpack_memberships_contains_paywalled_content":false,"_jetpack_memberships_contains_paid_content":false,"footnotes":""},"categories":[85],"tags":[],"class_list":["post-3826","post","type-post","status-publish","format-standard","has-post-thumbnail","hentry","category--accueil"],"jetpack_featured_media_url":"https:\/\/www.v-art.fr\/wp-content\/uploads\/2025\/07\/Dauphinelibere_juillet_BenjaminAstier.jpeg","jetpack_sharing_enabled":true,"_links":{"self":[{"href":"https:\/\/www.v-art.fr\/index.php?rest_route=\/wp\/v2\/posts\/3826","targetHints":{"allow":["GET"]}}],"collection":[{"href":"https:\/\/www.v-art.fr\/index.php?rest_route=\/wp\/v2\/posts"}],"about":[{"href":"https:\/\/www.v-art.fr\/index.php?rest_route=\/wp\/v2\/types\/post"}],"author":[{"embeddable":true,"href":"https:\/\/www.v-art.fr\/index.php?rest_route=\/wp\/v2\/users\/1"}],"replies":[{"embeddable":true,"href":"https:\/\/www.v-art.fr\/index.php?rest_route=%2Fwp%2Fv2%2Fcomments&post=3826"}],"version-history":[{"count":2,"href":"https:\/\/www.v-art.fr\/index.php?rest_route=\/wp\/v2\/posts\/3826\/revisions"}],"predecessor-version":[{"id":3829,"href":"https:\/\/www.v-art.fr\/index.php?rest_route=\/wp\/v2\/posts\/3826\/revisions\/3829"}],"wp:featuredmedia":[{"embeddable":true,"href":"https:\/\/www.v-art.fr\/index.php?rest_route=\/wp\/v2\/media\/3827"}],"wp:attachment":[{"href":"https:\/\/www.v-art.fr\/index.php?rest_route=%2Fwp%2Fv2%2Fmedia&parent=3826"}],"wp:term":[{"taxonomy":"category","embeddable":true,"href":"https:\/\/www.v-art.fr\/index.php?rest_route=%2Fwp%2Fv2%2Fcategories&post=3826"},{"taxonomy":"post_tag","embeddable":true,"href":"https:\/\/www.v-art.fr\/index.php?rest_route=%2Fwp%2Fv2%2Ftags&post=3826"}],"curies":[{"name":"wp","href":"https:\/\/api.w.org\/{rel}","templated":true}]}}