{"id":3002,"date":"2024-05-08T11:37:51","date_gmt":"2024-05-08T11:37:51","guid":{"rendered":"https:\/\/www.v-art.fr\/?p=3002"},"modified":"2024-11-08T10:40:30","modified_gmt":"2024-11-08T10:40:30","slug":"%e2%9d%80-pass-culture-concours-de-dessin-de-presse-au-college-jules-simon-a-vannes","status":"publish","type":"post","link":"https:\/\/www.v-art.fr\/?p=3002","title":{"rendered":"\u2740 Pass culture : Concours de dessin de presse au Coll\u00e8ge Jules Simon \u00e0 Vannes !"},"content":{"rendered":"\n<p class=\"has-white-background-color has-background\">Avec la professeure Val\u00e9rie Lotod\u00e9 du coll\u00e8ge Jules Simon \u00e0 Vannes et le journal T\u00e9l\u00e9gramme, nous avons co-organis\u00e9 un concours de dessin de presse autour de th\u00e8mes de soci\u00e9t\u00e9 et d&rsquo;actualit\u00e9s tir\u00e9s au sort parmi les \u00e9l\u00e8ves de 3\u00e8me. Les 3 meilleurs dessins s\u00e9lectionn\u00e9s ont \u00e9t\u00e9 publi\u00e9s dans le journal et la gagnante a bien s\u00fbr \u00e9t\u00e9 mise en lumi\u00e8re pour la f\u00e9liciter! Bravo \u00e0 Nesrine et \u00e0 tous les \u00e9l\u00e8ves participants au concours ! Merci \u00e0 la journaliste Sophie Boltz pour cette premi\u00e8re collaboration que nous r\u00e9cidivons avec joie cette ann\u00e9e !<\/p>\n\n\n\n<p class=\"has-white-background-color has-background\">Tour d&rsquo;horizon dans le <a href=\"https:\/\/www.letelegramme.fr\/\">journal T\u00e9l\u00e9gramme<\/a> !<\/p>\n\n\n\n<p class=\"has-white-background-color has-background\"><a href=\"https:\/\/www.letelegramme.fr\/morbihan\/vannes-56000\/a-vannes-des-collegiens-sinitient-au-dessin-de-presse-qui-fait-rire-reflechir-et-reagir-6580076.php\">https:\/\/www.letelegramme.fr\/morbihan\/vannes-56000\/a-vannes-des-collegiens-sinitient-au-dessin-de-presse-qui-fait-rire-reflechir-et-reagir-6580076.php<\/a><\/p>\n\n\n\n<p class=\"has-white-background-color has-background\"><a href=\"https:\/\/www.letelegramme.fr\/morbihan\/vannes-56000\/au-college-jules-simon-de-vannes-nesrine-denonce-le-racisme-dun-coup-de-crayon-6580221.php\">https:\/\/www.letelegramme.fr\/morbihan\/vannes-56000\/au-college-jules-simon-de-vannes-nesrine-denonce-le-racisme-dun-coup-de-crayon-6580221.php<\/a><\/p>\n\n\n\n<p class=\"has-white-background-color has-background\"><a href=\"https:\/\/www.letelegramme.fr\/morbihan\/vannes-56000\/loeil-de-niko-sur-vannes-le-dessin-de-presse-une-arme-puissante-6581718.php\">https:\/\/www.letelegramme.fr\/morbihan\/vannes-56000\/loeil-de-niko-sur-vannes-le-dessin-de-presse-une-arme-puissante-6581718.php<\/a><\/p>\n\n\n\n<figure class=\"wp-block-image size-large\"><img loading=\"lazy\" decoding=\"async\" width=\"1024\" height=\"575\" src=\"https:\/\/www.v-art.fr\/wp-content\/uploads\/2024\/11\/1730905805566-1024x575.jpg\" alt=\"\" class=\"wp-image-3267\" srcset=\"https:\/\/www.v-art.fr\/wp-content\/uploads\/2024\/11\/1730905805566-1024x575.jpg 1024w, https:\/\/www.v-art.fr\/wp-content\/uploads\/2024\/11\/1730905805566-scaled-800x449.jpg 800w, https:\/\/www.v-art.fr\/wp-content\/uploads\/2024\/11\/1730905805566-300x168.jpg 300w, https:\/\/www.v-art.fr\/wp-content\/uploads\/2024\/11\/1730905805566-768x431.jpg 768w, https:\/\/www.v-art.fr\/wp-content\/uploads\/2024\/11\/1730905805566-1536x862.jpg 1536w, https:\/\/www.v-art.fr\/wp-content\/uploads\/2024\/11\/1730905805566-2048x1149.jpg 2048w\" sizes=\"auto, (max-width: 1024px) 100vw, 1024px\" \/><\/figure>\n\n\n\n<figure class=\"wp-block-image size-large\"><img loading=\"lazy\" decoding=\"async\" width=\"1024\" height=\"768\" src=\"https:\/\/www.v-art.fr\/wp-content\/uploads\/2024\/11\/1730905805527-1024x768.jpg\" alt=\"\" class=\"wp-image-3264\" srcset=\"https:\/\/www.v-art.fr\/wp-content\/uploads\/2024\/11\/1730905805527-1024x768.jpg 1024w, https:\/\/www.v-art.fr\/wp-content\/uploads\/2024\/11\/1730905805527-scaled-800x600.jpg 800w, https:\/\/www.v-art.fr\/wp-content\/uploads\/2024\/11\/1730905805527-300x225.jpg 300w, https:\/\/www.v-art.fr\/wp-content\/uploads\/2024\/11\/1730905805527-768x576.jpg 768w, https:\/\/www.v-art.fr\/wp-content\/uploads\/2024\/11\/1730905805527-1536x1152.jpg 1536w, https:\/\/www.v-art.fr\/wp-content\/uploads\/2024\/11\/1730905805527-2048x1536.jpg 2048w\" sizes=\"auto, (max-width: 1024px) 100vw, 1024px\" \/><\/figure>\n\n\n\n<figure class=\"wp-block-image size-large\"><img loading=\"lazy\" decoding=\"async\" width=\"1024\" height=\"536\" src=\"https:\/\/www.v-art.fr\/wp-content\/uploads\/2024\/11\/1730905805511-1024x536.jpg\" alt=\"\" class=\"wp-image-3265\" srcset=\"https:\/\/www.v-art.fr\/wp-content\/uploads\/2024\/11\/1730905805511-1024x536.jpg 1024w, https:\/\/www.v-art.fr\/wp-content\/uploads\/2024\/11\/1730905805511-scaled-800x419.jpg 800w, https:\/\/www.v-art.fr\/wp-content\/uploads\/2024\/11\/1730905805511-300x157.jpg 300w, https:\/\/www.v-art.fr\/wp-content\/uploads\/2024\/11\/1730905805511-768x402.jpg 768w, https:\/\/www.v-art.fr\/wp-content\/uploads\/2024\/11\/1730905805511-1536x804.jpg 1536w, https:\/\/www.v-art.fr\/wp-content\/uploads\/2024\/11\/1730905805511-2048x1072.jpg 2048w\" sizes=\"auto, (max-width: 1024px) 100vw, 1024px\" \/><\/figure>\n\n\n\n<figure class=\"wp-block-image size-large\"><img loading=\"lazy\" decoding=\"async\" width=\"878\" height=\"1024\" src=\"https:\/\/www.v-art.fr\/wp-content\/uploads\/2024\/11\/1730905805573-878x1024.jpg\" alt=\"\" class=\"wp-image-3268\" srcset=\"https:\/\/www.v-art.fr\/wp-content\/uploads\/2024\/11\/1730905805573-878x1024.jpg 878w, https:\/\/www.v-art.fr\/wp-content\/uploads\/2024\/11\/1730905805573-800x933.jpg 800w, https:\/\/www.v-art.fr\/wp-content\/uploads\/2024\/11\/1730905805573-257x300.jpg 257w, https:\/\/www.v-art.fr\/wp-content\/uploads\/2024\/11\/1730905805573-768x896.jpg 768w, https:\/\/www.v-art.fr\/wp-content\/uploads\/2024\/11\/1730905805573-1317x1536.jpg 1317w, https:\/\/www.v-art.fr\/wp-content\/uploads\/2024\/11\/1730905805573-1756x2048.jpg 1756w\" sizes=\"auto, (max-width: 878px) 100vw, 878px\" \/><\/figure>\n","protected":false},"excerpt":{"rendered":"<p>Avec la professeure Val\u00e9rie Lotod\u00e9 du coll\u00e8ge Jules Simon \u00e0 Vannes et le journal T\u00e9l\u00e9gramme, nous avons co-organis\u00e9 un concours de dessin de presse autour de th\u00e8mes de soci\u00e9t\u00e9 et d&rsquo;actualit\u00e9s tir\u00e9s au sort parmi les \u00e9l\u00e8ves de 3\u00e8me. Les 3 meilleurs dessins s\u00e9lectionn\u00e9s ont \u00e9t\u00e9 publi\u00e9s dans le journal et la gagnante a bien [&hellip;]<\/p>\n","protected":false},"author":1,"featured_media":3264,"comment_status":"open","ping_status":"open","sticky":false,"template":"","format":"standard","meta":{"_uf_show_specific_survey":0,"_uf_disable_surveys":false,"jetpack_post_was_ever_published":false,"_jetpack_newsletter_access":"","_jetpack_dont_email_post_to_subs":false,"_jetpack_newsletter_tier_id":0,"_jetpack_memberships_contains_paywalled_content":false,"_jetpack_memberships_contains_paid_content":false,"footnotes":""},"categories":[85,52],"tags":[123,124,79,76],"class_list":["post-3002","post","type-post","status-publish","format-standard","has-post-thumbnail","hentry","category--accueil","category-atelier","tag-concours","tag-desson-de-presse","tag-humoursociete","tag-illustration"],"jetpack_featured_media_url":"https:\/\/www.v-art.fr\/wp-content\/uploads\/2024\/11\/1730905805527-scaled.jpg","jetpack_sharing_enabled":true,"_links":{"self":[{"href":"https:\/\/www.v-art.fr\/index.php?rest_route=\/wp\/v2\/posts\/3002","targetHints":{"allow":["GET"]}}],"collection":[{"href":"https:\/\/www.v-art.fr\/index.php?rest_route=\/wp\/v2\/posts"}],"about":[{"href":"https:\/\/www.v-art.fr\/index.php?rest_route=\/wp\/v2\/types\/post"}],"author":[{"embeddable":true,"href":"https:\/\/www.v-art.fr\/index.php?rest_route=\/wp\/v2\/users\/1"}],"replies":[{"embeddable":true,"href":"https:\/\/www.v-art.fr\/index.php?rest_route=%2Fwp%2Fv2%2Fcomments&post=3002"}],"version-history":[{"count":5,"href":"https:\/\/www.v-art.fr\/index.php?rest_route=\/wp\/v2\/posts\/3002\/revisions"}],"predecessor-version":[{"id":3274,"href":"https:\/\/www.v-art.fr\/index.php?rest_route=\/wp\/v2\/posts\/3002\/revisions\/3274"}],"wp:featuredmedia":[{"embeddable":true,"href":"https:\/\/www.v-art.fr\/index.php?rest_route=\/wp\/v2\/media\/3264"}],"wp:attachment":[{"href":"https:\/\/www.v-art.fr\/index.php?rest_route=%2Fwp%2Fv2%2Fmedia&parent=3002"}],"wp:term":[{"taxonomy":"category","embeddable":true,"href":"https:\/\/www.v-art.fr\/index.php?rest_route=%2Fwp%2Fv2%2Fcategories&post=3002"},{"taxonomy":"post_tag","embeddable":true,"href":"https:\/\/www.v-art.fr\/index.php?rest_route=%2Fwp%2Fv2%2Ftags&post=3002"}],"curies":[{"name":"wp","href":"https:\/\/api.w.org\/{rel}","templated":true}]}}