{"id":2599,"date":"2023-02-25T00:33:23","date_gmt":"2023-02-25T00:33:23","guid":{"rendered":"https:\/\/www.v-art.fr\/?p=2599"},"modified":"2023-02-25T00:33:25","modified_gmt":"2023-02-25T00:33:25","slug":"egalite-des-genres-du-1er-au-8-mars-2023","status":"publish","type":"post","link":"https:\/\/www.v-art.fr\/?p=2599","title":{"rendered":"\u00c9galit\u00e9 des Genres du 1er au 8 mars 2023"},"content":{"rendered":"\n<div class=\"wp-block-media-text alignwide is-stacked-on-mobile is-vertically-aligned-top is-style-default\"><figure class=\"wp-block-media-text__media\"><img loading=\"lazy\" decoding=\"async\" width=\"505\" height=\"1024\" src=\"https:\/\/www.v-art.fr\/wp-content\/uploads\/2023\/02\/communiqueCGT24fevrier2023-1-505x1024.jpg\" alt=\"\" class=\"wp-image-2601 size-full\" srcset=\"https:\/\/www.v-art.fr\/wp-content\/uploads\/2023\/02\/communiqueCGT24fevrier2023-1-505x1024.jpg 505w, https:\/\/www.v-art.fr\/wp-content\/uploads\/2023\/02\/communiqueCGT24fevrier2023-1-scaled-800x1622.jpg 800w, https:\/\/www.v-art.fr\/wp-content\/uploads\/2023\/02\/communiqueCGT24fevrier2023-1-148x300.jpg 148w, https:\/\/www.v-art.fr\/wp-content\/uploads\/2023\/02\/communiqueCGT24fevrier2023-1-768x1557.jpg 768w, https:\/\/www.v-art.fr\/wp-content\/uploads\/2023\/02\/communiqueCGT24fevrier2023-1-758x1536.jpg 758w, https:\/\/www.v-art.fr\/wp-content\/uploads\/2023\/02\/communiqueCGT24fevrier2023-1-1010x2048.jpg 1010w, https:\/\/www.v-art.fr\/wp-content\/uploads\/2023\/02\/communiqueCGT24fevrier2023-1-30x60.jpg 30w, https:\/\/www.v-art.fr\/wp-content\/uploads\/2023\/02\/communiqueCGT24fevrier2023-1-44x90.jpg 44w, https:\/\/www.v-art.fr\/wp-content\/uploads\/2023\/02\/communiqueCGT24fevrier2023-1-scaled.jpg 1263w\" sizes=\"auto, (max-width: 505px) 100vw, 505px\" \/><\/figure><div class=\"wp-block-media-text__content\">\n<p>31 artistes de renomm\u00e9e nationale et internationale se mobilisent pour l\u2019\u00c9galit\u00e9 des Genres \u00e0 l&rsquo;Union Locale de la CGT de Vannes du 1er au 8 mars 2023.<\/p>\n\n\n\n<p>Sandrine Chirokoff, Charg\u00e9e de mission \u00e9galit\u00e9-mixit\u00e9 de la CGT et la dessinatrice V\u2740 proposent une exposition inclusive et th\u00e9matique de plus de 200 dessins sur un sujet d\u2019actualit\u00e9 r\u00e9solument universel.<\/p>\n\n\n\n<p>Venez d\u00e9couvrir les \u0153uvres illustr\u00e9es et nous rencontrer pendant le vernissage samedi 4 mars \u00e0 16h \u00e0 l\u2019Union Locale de la CGT de Vannes&nbsp;!! Certains artistes-auteur.e.s tels que Albert, Didier Marandin, Dorthe Landschulz, Uxia et V\u2740 nous honoreront de leurs pr\u00e9sences !<\/p>\n\n\n\n<p>CoomEgaMix &#8211; Commission Egalit\u00e9 Mixit\u00e9<\/p>\n\n\n\n<p>cgt.comegamix.vannes@gmail.com<\/p>\n\n\n\n<p>Union Locale CGT de Vannes et sa r\u00e9gion<\/p>\n\n\n\n<p>Maison du Peuple, 21 rue des tribunaux, Vannes.<\/p>\n\n\n\n<p><\/p>\n<\/div><\/div>\n","protected":false},"excerpt":{"rendered":"<p>31 artistes de renomm\u00e9e nationale et internationale se mobilisent pour l\u2019\u00c9galit\u00e9 des Genres \u00e0 l&rsquo;Union Locale de la CGT de Vannes du 1er au 8 mars 2023. Sandrine Chirokoff, Charg\u00e9e de mission \u00e9galit\u00e9-mixit\u00e9 de la CGT et la dessinatrice V\u2740 proposent une exposition inclusive et th\u00e9matique de plus de 200 dessins sur un sujet d\u2019actualit\u00e9 [&hellip;]<\/p>\n","protected":false},"author":1,"featured_media":2601,"comment_status":"open","ping_status":"open","sticky":true,"template":"","format":"image","meta":{"_uf_show_specific_survey":0,"_uf_disable_surveys":false,"jetpack_post_was_ever_published":false,"_jetpack_newsletter_access":"","_jetpack_dont_email_post_to_subs":false,"_jetpack_newsletter_tier_id":0,"_jetpack_memberships_contains_paywalled_content":false,"_jetpack_memberships_contains_paid_content":false,"footnotes":""},"categories":[85,27],"tags":[],"class_list":["post-2599","post","type-post","status-publish","format-image","has-post-thumbnail","hentry","category--accueil","category-tarmac","post_format-post-format-image"],"jetpack_featured_media_url":"https:\/\/www.v-art.fr\/wp-content\/uploads\/2023\/02\/communiqueCGT24fevrier2023-1-scaled.jpg","jetpack_sharing_enabled":true,"_links":{"self":[{"href":"https:\/\/www.v-art.fr\/index.php?rest_route=\/wp\/v2\/posts\/2599","targetHints":{"allow":["GET"]}}],"collection":[{"href":"https:\/\/www.v-art.fr\/index.php?rest_route=\/wp\/v2\/posts"}],"about":[{"href":"https:\/\/www.v-art.fr\/index.php?rest_route=\/wp\/v2\/types\/post"}],"author":[{"embeddable":true,"href":"https:\/\/www.v-art.fr\/index.php?rest_route=\/wp\/v2\/users\/1"}],"replies":[{"embeddable":true,"href":"https:\/\/www.v-art.fr\/index.php?rest_route=%2Fwp%2Fv2%2Fcomments&post=2599"}],"version-history":[{"count":1,"href":"https:\/\/www.v-art.fr\/index.php?rest_route=\/wp\/v2\/posts\/2599\/revisions"}],"predecessor-version":[{"id":2602,"href":"https:\/\/www.v-art.fr\/index.php?rest_route=\/wp\/v2\/posts\/2599\/revisions\/2602"}],"wp:featuredmedia":[{"embeddable":true,"href":"https:\/\/www.v-art.fr\/index.php?rest_route=\/wp\/v2\/media\/2601"}],"wp:attachment":[{"href":"https:\/\/www.v-art.fr\/index.php?rest_route=%2Fwp%2Fv2%2Fmedia&parent=2599"}],"wp:term":[{"taxonomy":"category","embeddable":true,"href":"https:\/\/www.v-art.fr\/index.php?rest_route=%2Fwp%2Fv2%2Fcategories&post=2599"},{"taxonomy":"post_tag","embeddable":true,"href":"https:\/\/www.v-art.fr\/index.php?rest_route=%2Fwp%2Fv2%2Ftags&post=2599"}],"curies":[{"name":"wp","href":"https:\/\/api.w.org\/{rel}","templated":true}]}}