{"id":2540,"date":"2023-01-09T15:24:58","date_gmt":"2023-01-09T15:24:58","guid":{"rendered":"https:\/\/www.v-art.fr\/?p=2540"},"modified":"2023-01-09T15:25:31","modified_gmt":"2023-01-09T15:25:31","slug":"rencontre-avec-cartooning-for-peace-autour-des-droits-de-legalite-des-genre","status":"publish","type":"post","link":"https:\/\/www.v-art.fr\/?p=2540","title":{"rendered":"Rencontre avec Cartooning For Peace autour des droits de l&rsquo;\u00e9galit\u00e9 des genre."},"content":{"rendered":"\n<blockquote class=\"wp-block-quote is-layout-flow wp-block-quote-is-layout-flow\">\n<div class=\"wp-block-media-text alignwide has-media-on-the-right is-stacked-on-mobile is-style-default\"><div class=\"wp-block-media-text__content\">\n<p>Performance et vernissage autour d&rsquo;une fresque collective pour f\u00eater l&rsquo;exposition sur le th\u00e8me propos\u00e9 par CFP. <\/p>\n\n\n\n<p>\u00ab<a href=\"https:\/\/www.cartooningforpeace.org\/evenements\/droits-de-lhomme-droits-de-la-femme-meme-combat\/\" data-type=\"URL\" data-id=\"https:\/\/www.cartooningforpeace.org\/evenements\/droits-de-lhomme-droits-de-la-femme-meme-combat\/\"> Dessine-moi l\u2019\u00e9galit\u00e9 des genres<\/a> \u00bb est une exposition p\u00e9dagogique cr\u00e9\u00e9e en 2022 par Cartooning for Peace et disponible \u00e0 partir de 2023 aux professionnels de l\u2019\u00e9ducation. Elle est pr\u00e9sent\u00e9e pour la premi\u00e8re fois au Centre Paris Anim\u2019 Jacques Bravo.<\/p>\n\n\n\n<p>Illustr\u00e9e par des dessins de presse du monde entier, cette exposition retrace, avec humour et engagement, le parcours d\u2019une vie : de la naissance jusqu\u2019\u00e0 la vieillesse, elle aborde les d\u00e9fis et les probl\u00e8mes persistants en mati\u00e8re d\u2019in\u00e9galit\u00e9 entre les genres, et montre le long combat des femmes pour l\u2019\u00e9galit\u00e9 des droits.<\/p>\n\n\n\n<p><strong>Ghada Hatem<\/strong>, gyn\u00e9cologue-obst\u00e9tricienne, fondatrice de la Maison des Femmes de Saint-Denis, est la r\u00e9dactrice des textes de l\u2019exposition.  Plusieurs supers dessinateur.e.s sont pr\u00e9sents comme mon coll\u00e8gue <a rel=\"noreferrer noopener\" href=\"https:\/\/grafonage.art\/artiste\/pakman\/\" data-type=\"URL\" data-id=\"https:\/\/grafonage.art\/artiste\/pakman\/\" target=\"_blank\">Pakman<\/a> ou encore <a rel=\"noreferrer noopener\" href=\"https:\/\/www.plopetkankr.com\/\" data-type=\"URL\" data-id=\"https:\/\/www.plopetkankr.com\/\" target=\"_blank\">Plop &amp; Kankr <\/a>! <\/p>\n<\/div><figure class=\"wp-block-media-text__media\"><img loading=\"lazy\" decoding=\"async\" width=\"647\" height=\"943\" src=\"https:\/\/www.v-art.fr\/wp-content\/uploads\/2023\/01\/Dessine-moi-legalite-des-genres.png\" alt=\"\" class=\"wp-image-2541 size-full\" srcset=\"https:\/\/www.v-art.fr\/wp-content\/uploads\/2023\/01\/Dessine-moi-legalite-des-genres.png 647w, https:\/\/www.v-art.fr\/wp-content\/uploads\/2023\/01\/Dessine-moi-legalite-des-genres-206x300.png 206w, https:\/\/www.v-art.fr\/wp-content\/uploads\/2023\/01\/Dessine-moi-legalite-des-genres-41x60.png 41w, https:\/\/www.v-art.fr\/wp-content\/uploads\/2023\/01\/Dessine-moi-legalite-des-genres-62x90.png 62w\" sizes=\"auto, (max-width: 647px) 100vw, 647px\" \/><\/figure><\/div>\n<cite>https:\/\/www.cartooningforpeace.org\/evenements\/droits-de-lhomme-droits-de-la-femme-meme-combat\/<\/cite><\/blockquote>\n","protected":false},"excerpt":{"rendered":"","protected":false},"author":1,"featured_media":2468,"comment_status":"open","ping_status":"open","sticky":true,"template":"","format":"quote","meta":{"_uf_show_specific_survey":0,"_uf_disable_surveys":false,"jetpack_post_was_ever_published":false,"_jetpack_newsletter_access":"","_jetpack_dont_email_post_to_subs":false,"_jetpack_newsletter_tier_id":0,"_jetpack_memberships_contains_paywalled_content":false,"_jetpack_memberships_contains_paid_content":false,"footnotes":""},"categories":[52],"tags":[],"class_list":["post-2540","post","type-post","status-publish","format-quote","has-post-thumbnail","hentry","category-atelier","post_format-post-format-quote"],"jetpack_featured_media_url":"https:\/\/www.v-art.fr\/wp-content\/uploads\/2022\/11\/Flo_v.jpg","jetpack_sharing_enabled":true,"_links":{"self":[{"href":"https:\/\/www.v-art.fr\/index.php?rest_route=\/wp\/v2\/posts\/2540","targetHints":{"allow":["GET"]}}],"collection":[{"href":"https:\/\/www.v-art.fr\/index.php?rest_route=\/wp\/v2\/posts"}],"about":[{"href":"https:\/\/www.v-art.fr\/index.php?rest_route=\/wp\/v2\/types\/post"}],"author":[{"embeddable":true,"href":"https:\/\/www.v-art.fr\/index.php?rest_route=\/wp\/v2\/users\/1"}],"replies":[{"embeddable":true,"href":"https:\/\/www.v-art.fr\/index.php?rest_route=%2Fwp%2Fv2%2Fcomments&post=2540"}],"version-history":[{"count":5,"href":"https:\/\/www.v-art.fr\/index.php?rest_route=\/wp\/v2\/posts\/2540\/revisions"}],"predecessor-version":[{"id":2546,"href":"https:\/\/www.v-art.fr\/index.php?rest_route=\/wp\/v2\/posts\/2540\/revisions\/2546"}],"wp:featuredmedia":[{"embeddable":true,"href":"https:\/\/www.v-art.fr\/index.php?rest_route=\/wp\/v2\/media\/2468"}],"wp:attachment":[{"href":"https:\/\/www.v-art.fr\/index.php?rest_route=%2Fwp%2Fv2%2Fmedia&parent=2540"}],"wp:term":[{"taxonomy":"category","embeddable":true,"href":"https:\/\/www.v-art.fr\/index.php?rest_route=%2Fwp%2Fv2%2Fcategories&post=2540"},{"taxonomy":"post_tag","embeddable":true,"href":"https:\/\/www.v-art.fr\/index.php?rest_route=%2Fwp%2Fv2%2Ftags&post=2540"}],"curies":[{"name":"wp","href":"https:\/\/api.w.org\/{rel}","templated":true}]}}