{"id":2101,"date":"2022-08-23T20:40:00","date_gmt":"2022-08-23T20:40:00","guid":{"rendered":"https:\/\/www.v-art.fr\/?p=2101"},"modified":"2022-09-01T15:56:08","modified_gmt":"2022-09-01T15:56:08","slug":"atelier-bd-a-lifen-du-havre","status":"publish","type":"post","link":"https:\/\/www.v-art.fr\/?p=2101","title":{"rendered":"\u2740 Atelier BD \u00e0 l&rsquo;I.F.E.N (Institut de Formation d&rsquo;Educateurs de Normandie) du Havre."},"content":{"rendered":"\n<p>C&rsquo;\u00e9tait en 2015 et c&rsquo;est \u00e0 l&rsquo;invitation de la formatrice de Marie V. que j&rsquo;ai pu faire cet atelier B.D \u00f4 combien sympathique ! <\/p>\n\n\n","protected":false},"excerpt":{"rendered":"<p>C&rsquo;\u00e9tait en 2015 et c&rsquo;est \u00e0 l&rsquo;invitation de la formatrice de Marie V. que j&rsquo;ai pu faire cet atelier B.D \u00f4 combien sympathique !<\/p>\n","protected":false},"author":1,"featured_media":2102,"comment_status":"open","ping_status":"open","sticky":false,"template":"","format":"image","meta":{"_uf_show_specific_survey":0,"_uf_disable_surveys":false,"jetpack_post_was_ever_published":false,"_jetpack_newsletter_access":"","_jetpack_dont_email_post_to_subs":false,"_jetpack_newsletter_tier_id":0,"_jetpack_memberships_contains_paywalled_content":false,"_jetpack_memberships_contains_paid_content":false,"footnotes":""},"categories":[52],"tags":[],"class_list":["post-2101","post","type-post","status-publish","format-image","has-post-thumbnail","hentry","category-atelier","post_format-post-format-image"],"jetpack_featured_media_url":"https:\/\/www.v-art.fr\/wp-content\/uploads\/2022\/08\/bd_team_lna_Ifen2015_valere.jpg","jetpack_sharing_enabled":true,"_links":{"self":[{"href":"https:\/\/www.v-art.fr\/index.php?rest_route=\/wp\/v2\/posts\/2101","targetHints":{"allow":["GET"]}}],"collection":[{"href":"https:\/\/www.v-art.fr\/index.php?rest_route=\/wp\/v2\/posts"}],"about":[{"href":"https:\/\/www.v-art.fr\/index.php?rest_route=\/wp\/v2\/types\/post"}],"author":[{"embeddable":true,"href":"https:\/\/www.v-art.fr\/index.php?rest_route=\/wp\/v2\/users\/1"}],"replies":[{"embeddable":true,"href":"https:\/\/www.v-art.fr\/index.php?rest_route=%2Fwp%2Fv2%2Fcomments&post=2101"}],"version-history":[{"count":14,"href":"https:\/\/www.v-art.fr\/index.php?rest_route=\/wp\/v2\/posts\/2101\/revisions"}],"predecessor-version":[{"id":2208,"href":"https:\/\/www.v-art.fr\/index.php?rest_route=\/wp\/v2\/posts\/2101\/revisions\/2208"}],"wp:featuredmedia":[{"embeddable":true,"href":"https:\/\/www.v-art.fr\/index.php?rest_route=\/wp\/v2\/media\/2102"}],"wp:attachment":[{"href":"https:\/\/www.v-art.fr\/index.php?rest_route=%2Fwp%2Fv2%2Fmedia&parent=2101"}],"wp:term":[{"taxonomy":"category","embeddable":true,"href":"https:\/\/www.v-art.fr\/index.php?rest_route=%2Fwp%2Fv2%2Fcategories&post=2101"},{"taxonomy":"post_tag","embeddable":true,"href":"https:\/\/www.v-art.fr\/index.php?rest_route=%2Fwp%2Fv2%2Ftags&post=2101"}],"curies":[{"name":"wp","href":"https:\/\/api.w.org\/{rel}","templated":true}]}}